{"id":1916,"date":"2026-03-04T09:42:55","date_gmt":"2026-03-04T08:42:55","guid":{"rendered":"https:\/\/josattler.de\/Reise\/?p=1916"},"modified":"2026-03-04T09:44:35","modified_gmt":"2026-03-04T08:44:35","slug":"radsaison-2026","status":"publish","type":"post","link":"https:\/\/josattler.de\/Reise\/2026\/03\/04\/radsaison-2026\/","title":{"rendered":"Radsaison 2026"},"content":{"rendered":"\n<p>Pl\u00e4ne f\u00fcr Radreisen in diesem Jahr<\/p>\n\n\n\n<p>Neckarradtour mit Freunden<\/p>\n\n\n\n<p>Atlantikk\u00fcste Teil 2<\/p>\n","protected":false},"excerpt":{"rendered":"<p>Pl\u00e4ne f\u00fcr Radreisen in diesem Jahr Neckarradtour mit Freunden Atlantikk\u00fcste Teil 2<\/p>\n","protected":false},"author":1,"featured_media":0,"comment_status":"open","ping_status":"","sticky":false,"template":"","format":"standard","meta":{"_jetpack_memberships_contains_paid_content":false,"footnotes":""},"categories":[79,60,55,63],"tags":[81,36,82],"class_list":["post-1916","post","type-post","status-publish","format-standard","hentry","category-atlantik","category-deutschland-suedeuropa-reise","category-frankreich","category-radwandern-suedeuropa-reise","tag-81","tag-deutschland","tag-frankreich-2"],"jetpack_featured_media_url":"","jetpack_sharing_enabled":true,"_links":{"self":[{"href":"https:\/\/josattler.de\/Reise\/wp-json\/wp\/v2\/posts\/1916","targetHints":{"allow":["GET"]}}],"collection":[{"href":"https:\/\/josattler.de\/Reise\/wp-json\/wp\/v2\/posts"}],"about":[{"href":"https:\/\/josattler.de\/Reise\/wp-json\/wp\/v2\/types\/post"}],"author":[{"embeddable":true,"href":"https:\/\/josattler.de\/Reise\/wp-json\/wp\/v2\/users\/1"}],"replies":[{"embeddable":true,"href":"https:\/\/josattler.de\/Reise\/wp-json\/wp\/v2\/comments?post=1916"}],"version-history":[{"count":1,"href":"https:\/\/josattler.de\/Reise\/wp-json\/wp\/v2\/posts\/1916\/revisions"}],"predecessor-version":[{"id":1917,"href":"https:\/\/josattler.de\/Reise\/wp-json\/wp\/v2\/posts\/1916\/revisions\/1917"}],"wp:attachment":[{"href":"https:\/\/josattler.de\/Reise\/wp-json\/wp\/v2\/media?parent=1916"}],"wp:term":[{"taxonomy":"category","embeddable":true,"href":"https:\/\/josattler.de\/Reise\/wp-json\/wp\/v2\/categories?post=1916"},{"taxonomy":"post_tag","embeddable":true,"href":"https:\/\/josattler.de\/Reise\/wp-json\/wp\/v2\/tags?post=1916"}],"curies":[{"name":"wp","href":"https:\/\/api.w.org\/{rel}","templated":true}]}}