{"id":540,"date":"2024-06-29T09:37:27","date_gmt":"2024-06-29T07:37:27","guid":{"rendered":"https:\/\/josattler.de\/Reise\/?p=540"},"modified":"2024-11-20T23:04:28","modified_gmt":"2024-11-20T22:04:28","slug":"29-juni-9-fahrradtag","status":"publish","type":"post","link":"https:\/\/josattler.de\/Reise\/2024\/06\/29\/29-juni-9-fahrradtag\/","title":{"rendered":"29. Juni 9. Fahrradtag nach Himanka"},"content":{"rendered":"\n<p><strong>Mehr als 1000 km liegen hinter mi<\/strong>r<\/p>\n\n\n\n<p>Es ist Gewitter angesagt auf dem Weg nach Himanka. Gute Abk\u00fchlung. Ich habe die komplette Regenausr\u00fcstung an da ist das ertr\u00e4glich. Wenns zu arg regnet mach ich Pause. <\/p>\n\n\n\n<p>Auf dem Weg jedenfalls sehe ich am Tacho, dass ich inzwischen mehr als 1000 Kilometer seit meiner Abfahrt in Kirkenes am Donnerstag letzter Woche zur\u00fcckgelegt habe.<\/p>\n\n\n\n<p>Meine Absicht, mich bei Regen unterzustelken hat dann aber nicht funktioniert.&nbsp; Dann beim zweiten Regen hat mich ein Starkregen erwischt und weit und breit war kein Unterstand. Trotz Regenjacke, Hose und Gamaschen ist\u00a0\u00a0\u00a0das Wasser bis in die Schuhe eingedrungen. Sp\u00e4ter war dann wieder Sonnenschein. Nun bin ich im &#8222;Gasthaus Himanka&#8220;, eine seltsame Unterkunft das Gasthaus unten, scheint eher eine Art Rockertreff zu sein. Egal ich n\u00e4chtige hier und morgen gehts weiter nach Jakobsstat.<\/p>\n\n\n\n<figure class=\"wp-block-gallery has-nested-images columns-default is-cropped wp-block-gallery-1 is-layout-flex wp-block-gallery-is-layout-flex\">\n<figure class=\"wp-block-image\"><img loading=\"lazy\" decoding=\"async\" width=\"1024\" height=\"577\" data-id=\"543\" src=\"https:\/\/josattler.de\/Reise\/wp-content\/uploads\/2024\/06\/20240629_1029017727034580651077736-1024x577.jpg\" alt=\"\" class=\"wp-image-543\" srcset=\"https:\/\/josattler.de\/Reise\/wp-content\/uploads\/2024\/06\/20240629_1029017727034580651077736-1024x577.jpg 1024w, https:\/\/josattler.de\/Reise\/wp-content\/uploads\/2024\/06\/20240629_1029017727034580651077736-300x169.jpg 300w, https:\/\/josattler.de\/Reise\/wp-content\/uploads\/2024\/06\/20240629_1029017727034580651077736-768x432.jpg 768w, https:\/\/josattler.de\/Reise\/wp-content\/uploads\/2024\/06\/20240629_1029017727034580651077736-1536x865.jpg 1536w, https:\/\/josattler.de\/Reise\/wp-content\/uploads\/2024\/06\/20240629_1029017727034580651077736-480x270.jpg 480w, https:\/\/josattler.de\/Reise\/wp-content\/uploads\/2024\/06\/20240629_1029017727034580651077736.jpg 2000w\" sizes=\"auto, (max-width: 1024px) 100vw, 1024px\" \/><\/figure>\n\n\n\n<figure class=\"wp-block-image\"><img loading=\"lazy\" decoding=\"async\" width=\"1024\" height=\"577\" data-id=\"545\" src=\"https:\/\/josattler.de\/Reise\/wp-content\/uploads\/2024\/06\/20240629_1106045714872836137963081-1024x577.jpg\" alt=\"\" class=\"wp-image-545\" srcset=\"https:\/\/josattler.de\/Reise\/wp-content\/uploads\/2024\/06\/20240629_1106045714872836137963081-1024x577.jpg 1024w, https:\/\/josattler.de\/Reise\/wp-content\/uploads\/2024\/06\/20240629_1106045714872836137963081-300x169.jpg 300w, https:\/\/josattler.de\/Reise\/wp-content\/uploads\/2024\/06\/20240629_1106045714872836137963081-768x432.jpg 768w, https:\/\/josattler.de\/Reise\/wp-content\/uploads\/2024\/06\/20240629_1106045714872836137963081-1536x865.jpg 1536w, https:\/\/josattler.de\/Reise\/wp-content\/uploads\/2024\/06\/20240629_1106045714872836137963081-480x270.jpg 480w, https:\/\/josattler.de\/Reise\/wp-content\/uploads\/2024\/06\/20240629_1106045714872836137963081.jpg 2000w\" sizes=\"auto, (max-width: 1024px) 100vw, 1024px\" \/><\/figure>\n\n\n\n<figure class=\"wp-block-image size-large\"><img loading=\"lazy\" decoding=\"async\" width=\"995\" height=\"995\" data-id=\"549\" src=\"https:\/\/josattler.de\/Reise\/wp-content\/uploads\/2024\/06\/screenshot_20240629_174346_komoot3479811878687712375.jpg\" alt=\"\" class=\"wp-image-549\" srcset=\"https:\/\/josattler.de\/Reise\/wp-content\/uploads\/2024\/06\/screenshot_20240629_174346_komoot3479811878687712375.jpg 995w, https:\/\/josattler.de\/Reise\/wp-content\/uploads\/2024\/06\/screenshot_20240629_174346_komoot3479811878687712375-300x300.jpg 300w, https:\/\/josattler.de\/Reise\/wp-content\/uploads\/2024\/06\/screenshot_20240629_174346_komoot3479811878687712375-150x150.jpg 150w, https:\/\/josattler.de\/Reise\/wp-content\/uploads\/2024\/06\/screenshot_20240629_174346_komoot3479811878687712375-768x768.jpg 768w, https:\/\/josattler.de\/Reise\/wp-content\/uploads\/2024\/06\/screenshot_20240629_174346_komoot3479811878687712375-270x270.jpg 270w\" sizes=\"auto, (max-width: 995px) 100vw, 995px\" \/><\/figure>\n\n\n\n<figure class=\"wp-block-image\"><img loading=\"lazy\" decoding=\"async\" width=\"1024\" height=\"577\" data-id=\"544\" src=\"https:\/\/josattler.de\/Reise\/wp-content\/uploads\/2024\/06\/20240629_1106077534009834950492567-1024x577.jpg\" alt=\"\" class=\"wp-image-544\" srcset=\"https:\/\/josattler.de\/Reise\/wp-content\/uploads\/2024\/06\/20240629_1106077534009834950492567-1024x577.jpg 1024w, https:\/\/josattler.de\/Reise\/wp-content\/uploads\/2024\/06\/20240629_1106077534009834950492567-300x169.jpg 300w, https:\/\/josattler.de\/Reise\/wp-content\/uploads\/2024\/06\/20240629_1106077534009834950492567-768x432.jpg 768w, https:\/\/josattler.de\/Reise\/wp-content\/uploads\/2024\/06\/20240629_1106077534009834950492567-1536x865.jpg 1536w, https:\/\/josattler.de\/Reise\/wp-content\/uploads\/2024\/06\/20240629_1106077534009834950492567-480x270.jpg 480w, https:\/\/josattler.de\/Reise\/wp-content\/uploads\/2024\/06\/20240629_1106077534009834950492567.jpg 2000w\" sizes=\"auto, (max-width: 1024px) 100vw, 1024px\" \/><\/figure>\n\n\n\n<figure class=\"wp-block-image\"><img loading=\"lazy\" decoding=\"async\" width=\"1024\" height=\"577\" data-id=\"542\" src=\"https:\/\/josattler.de\/Reise\/wp-content\/uploads\/2024\/06\/20240629_1113553666043328298850424-1024x577.jpg\" alt=\"\" class=\"wp-image-542\" srcset=\"https:\/\/josattler.de\/Reise\/wp-content\/uploads\/2024\/06\/20240629_1113553666043328298850424-1024x577.jpg 1024w, https:\/\/josattler.de\/Reise\/wp-content\/uploads\/2024\/06\/20240629_1113553666043328298850424-300x169.jpg 300w, https:\/\/josattler.de\/Reise\/wp-content\/uploads\/2024\/06\/20240629_1113553666043328298850424-768x432.jpg 768w, https:\/\/josattler.de\/Reise\/wp-content\/uploads\/2024\/06\/20240629_1113553666043328298850424-1536x865.jpg 1536w, https:\/\/josattler.de\/Reise\/wp-content\/uploads\/2024\/06\/20240629_1113553666043328298850424-480x270.jpg 480w, https:\/\/josattler.de\/Reise\/wp-content\/uploads\/2024\/06\/20240629_1113553666043328298850424.jpg 2000w\" sizes=\"auto, (max-width: 1024px) 100vw, 1024px\" \/><\/figure>\n\n\n\n<figure class=\"wp-block-image\"><img loading=\"lazy\" decoding=\"async\" width=\"1024\" height=\"577\" data-id=\"546\" src=\"https:\/\/josattler.de\/Reise\/wp-content\/uploads\/2024\/06\/20240629_1452439187596522830919089-1024x577.jpg\" alt=\"\" class=\"wp-image-546\" srcset=\"https:\/\/josattler.de\/Reise\/wp-content\/uploads\/2024\/06\/20240629_1452439187596522830919089-1024x577.jpg 1024w, https:\/\/josattler.de\/Reise\/wp-content\/uploads\/2024\/06\/20240629_1452439187596522830919089-300x169.jpg 300w, https:\/\/josattler.de\/Reise\/wp-content\/uploads\/2024\/06\/20240629_1452439187596522830919089-768x432.jpg 768w, https:\/\/josattler.de\/Reise\/wp-content\/uploads\/2024\/06\/20240629_1452439187596522830919089-1536x865.jpg 1536w, https:\/\/josattler.de\/Reise\/wp-content\/uploads\/2024\/06\/20240629_1452439187596522830919089-480x270.jpg 480w, https:\/\/josattler.de\/Reise\/wp-content\/uploads\/2024\/06\/20240629_1452439187596522830919089.jpg 2000w\" sizes=\"auto, (max-width: 1024px) 100vw, 1024px\" \/><\/figure>\n<\/figure>\n","protected":false},"excerpt":{"rendered":"<p>Mehr als 1000 km liegen hinter mir Es ist Gewitter angesagt auf dem Weg nach Himanka. Gute Abk\u00fchlung. Ich habe die komplette Regenausr\u00fcstung an da ist das ertr\u00e4glich. Wenns zu arg regnet mach ich Pause. Auf dem Weg jedenfalls sehe ich am Tacho, dass ich inzwischen mehr als 1000 Kilometer seit meiner Abfahrt in Kirkenes am Donnerstag letzter Woche zur\u00fcckgelegt habe. Meine Absicht, mich bei Regen unterzustelken hat dann aber nicht funktioniert.&nbsp; Dann beim zweiten Regen hat mich ein Starkregen&#8230;<\/p>\n<p class=\"read-more\"><a class=\"btn btn-default\" href=\"https:\/\/josattler.de\/Reise\/2024\/06\/29\/29-juni-9-fahrradtag\/\">Weiterlesen<span class=\"screen-reader-text\"> Weiterlesen<\/span><\/a><\/p>\n","protected":false},"author":1,"featured_media":547,"comment_status":"open","ping_status":"","sticky":false,"template":"","format":"standard","meta":{"_jetpack_memberships_contains_paid_content":false,"footnotes":""},"categories":[26,27,4,38],"tags":[15,28,12],"class_list":["post-540","post","type-post","status-publish","format-standard","has-post-thumbnail","hentry","category-finnland","category-ostsee","category-radwandern","category-skandinavien-baltikum-2024","tag-finnland","tag-ostseekueste","tag-radreise"],"jetpack_featured_media_url":"https:\/\/josattler.de\/Reise\/wp-content\/uploads\/2024\/06\/Screenshot_20240629_174346_Komoot.jpg","jetpack_sharing_enabled":true,"_links":{"self":[{"href":"https:\/\/josattler.de\/Reise\/wp-json\/wp\/v2\/posts\/540","targetHints":{"allow":["GET"]}}],"collection":[{"href":"https:\/\/josattler.de\/Reise\/wp-json\/wp\/v2\/posts"}],"about":[{"href":"https:\/\/josattler.de\/Reise\/wp-json\/wp\/v2\/types\/post"}],"author":[{"embeddable":true,"href":"https:\/\/josattler.de\/Reise\/wp-json\/wp\/v2\/users\/1"}],"replies":[{"embeddable":true,"href":"https:\/\/josattler.de\/Reise\/wp-json\/wp\/v2\/comments?post=540"}],"version-history":[{"count":6,"href":"https:\/\/josattler.de\/Reise\/wp-json\/wp\/v2\/posts\/540\/revisions"}],"predecessor-version":[{"id":930,"href":"https:\/\/josattler.de\/Reise\/wp-json\/wp\/v2\/posts\/540\/revisions\/930"}],"wp:featuredmedia":[{"embeddable":true,"href":"https:\/\/josattler.de\/Reise\/wp-json\/wp\/v2\/media\/547"}],"wp:attachment":[{"href":"https:\/\/josattler.de\/Reise\/wp-json\/wp\/v2\/media?parent=540"}],"wp:term":[{"taxonomy":"category","embeddable":true,"href":"https:\/\/josattler.de\/Reise\/wp-json\/wp\/v2\/categories?post=540"},{"taxonomy":"post_tag","embeddable":true,"href":"https:\/\/josattler.de\/Reise\/wp-json\/wp\/v2\/tags?post=540"}],"curies":[{"name":"wp","href":"https:\/\/api.w.org\/{rel}","templated":true}]}}