{"id":970,"date":"2024-11-21T01:14:09","date_gmt":"2024-11-21T00:14:09","guid":{"rendered":"https:\/\/josattler.de\/Reise\/?p=970"},"modified":"2024-11-21T01:54:34","modified_gmt":"2024-11-21T00:54:34","slug":"fazit-meiner-radreise-durch-finnland-und-das-baltikum","status":"publish","type":"post","link":"https:\/\/josattler.de\/Reise\/2024\/11\/21\/fazit-meiner-radreise-durch-finnland-und-das-baltikum\/","title":{"rendered":"Fazit meiner Radreise durch Finnland und das Baltikum"},"content":{"rendered":"\n<p><strong><u>Fazit der Radreise durch das Baltikum<\/u><\/strong><\/p>\n\n\n\n<figure class=\"wp-block-gallery has-nested-images columns-default is-cropped wp-block-gallery-1 is-layout-flex wp-block-gallery-is-layout-flex\"><\/figure>\n\n\n\n<figure class=\"wp-block-gallery has-nested-images columns-default is-cropped wp-block-gallery-2 is-layout-flex wp-block-gallery-is-layout-flex\">\n<figure class=\"wp-block-image size-large\"><img loading=\"lazy\" decoding=\"async\" width=\"689\" height=\"713\" data-id=\"974\" src=\"https:\/\/josattler.de\/Reise\/wp-content\/uploads\/2024\/11\/Bildschirmfoto_21-11-2024_1923_www.komoot.com_-2.jpeg\" alt=\"\" class=\"wp-image-974\" srcset=\"https:\/\/josattler.de\/Reise\/wp-content\/uploads\/2024\/11\/Bildschirmfoto_21-11-2024_1923_www.komoot.com_-2.jpeg 689w, https:\/\/josattler.de\/Reise\/wp-content\/uploads\/2024\/11\/Bildschirmfoto_21-11-2024_1923_www.komoot.com_-2-290x300.jpeg 290w, https:\/\/josattler.de\/Reise\/wp-content\/uploads\/2024\/11\/Bildschirmfoto_21-11-2024_1923_www.komoot.com_-2-261x270.jpeg 261w\" sizes=\"auto, (max-width: 689px) 100vw, 689px\" \/><\/figure>\n\n\n\n<figure class=\"wp-block-image size-large is-resized\"><img loading=\"lazy\" decoding=\"async\" width=\"586\" height=\"697\" data-id=\"973\" src=\"https:\/\/josattler.de\/Reise\/wp-content\/uploads\/2024\/11\/Bildschirmfoto_21-11-2024_11114_www.komoot.com_.jpeg\" alt=\"\" class=\"wp-image-973\" style=\"width:365px;height:auto\" srcset=\"https:\/\/josattler.de\/Reise\/wp-content\/uploads\/2024\/11\/Bildschirmfoto_21-11-2024_11114_www.komoot.com_.jpeg 586w, https:\/\/josattler.de\/Reise\/wp-content\/uploads\/2024\/11\/Bildschirmfoto_21-11-2024_11114_www.komoot.com_-252x300.jpeg 252w, https:\/\/josattler.de\/Reise\/wp-content\/uploads\/2024\/11\/Bildschirmfoto_21-11-2024_11114_www.komoot.com_-227x270.jpeg 227w\" sizes=\"auto, (max-width: 586px) 100vw, 586px\" \/><\/figure>\n<\/figure>\n\n\n\n<p>Nun hat es doch l\u00e4nger gedauert, bis ich dazu komme ein Fazit meiner Reise zu schreiben.<\/p>\n\n\n\n<p>Ich wollte meinen Ruhestand genie\u00dfen, Abstand haben und mal eine Weile testen wie lange ich es alleine aushalte. Nebenbei Finnland und das Baltikum erkunden. Das war meine Absicht und ich bin sehr zufrieden mit der Zeit in Finnland und dem Baltikum.<\/p>\n\n\n\n<p>Eigentlich war die Zeit in Deutschland anders geplant. Ich wollte ja der ehemaligen Zonengrenze folgen und gem\u00e4chlich zur\u00fcck radeln. Das habe ich dann nicht mehr gemacht. Vielleicht w\u00e4re es anders gewesen, wenn ich sch\u00f6nes Wetter gehabt h\u00e4tte aber mehrere Regentage in Deutschland das wollte ich dann nicht mehr.<\/p>\n\n\n\n<p>Was bleibt ist eine Sch\u00f6ne Erinnerung an die Ruhe Lapplands, das langsame wieder in die \u201eZivilisation zur\u00fcckkommen.<br>Dann ist da etwas Wehmut, weil es zu schnell rum ging und zu wenig M\u00f6glichkeit war, noch mal Abstecher zu machen und ein paar Tage an finnischen Seen zu \u00fcbernachten. Meine Strecken waren zu Beginn zu lange geplant. Die Zeit zu knapp bemessen. Ich h\u00e4tte sie teilen und dazwischen wild campen sollen.<\/p>\n\n\n\n<p>Videoausschnitte aus Lappland<\/p>\n\n\n\n<p> <a href=\"https:\/\/www.youtube.com\/watch?v=Wgv4_Guk4pI\">Lapplandradreise 2024 erster Tag am 20. Juni 2024<\/a><\/p>\n\n\n\n<p><a href=\"https:\/\/youtu.be\/mrDflisJ804\">Lapplandreise 2024 Video vom zweiten Tag <\/a><\/p>\n\n\n\n<p><a href=\"https:\/\/www.youtube.com\/shorts\/qh-zq22kLdQ\">Lapplandreise 2024 Livekommentar zum Verlauf<\/a><\/p>\n\n\n\n<p><\/p>\n\n\n\n<p>Ich habe mir vorgenommen hier noch mal hinzukommen. Nach Lappland, ins Baltikum mit dem Fahrrad oder dem Wohnmobil.<\/p>\n\n\n\n<p>Ich habe viele Orte kennengelernt, die Sehnsuchtsorte werden k\u00f6nnen, ich bin gespannt darauf ob und wann ich zur\u00fcckkommen werde.<\/p>\n\n\n\n<p>Was ich gemerkt habe ist jedenfalls, dass ich es schon mal 5-6 Wochen allein aushalten kann. Wobei allein war ich nie. Meine Frau hat t\u00e4glich meine Routen \u00fcber Komoot mitverfolgen k\u00f6nnen, wir haben fast jeden Tag telefoniert. Die Telekommunikation funktioniert in Finnland und im Baltikum ohne Probleme.<\/p>\n\n\n\n<p><strong><u>Und n\u00e4chstes Jahr?<\/u><\/strong><\/p>\n\n\n\n<p>Aktuell denke ich, ich werde wieder ins Baltikum reisen und meine Reise in Lettland fortsetzen. \u00dcber Litauen nach Polen und Tschechien nach Hause. Aber wer wei\u00df vielleicht gehts auch nach Frankreich und weiter nach S\u00fcden, oder oder\u2026. Wir werden sehen und ich schreibe weiter.<\/p>\n","protected":false},"excerpt":{"rendered":"<p>Fazit der Radreise durch das Baltikum Nun hat es doch l\u00e4nger gedauert, bis ich dazu komme ein Fazit meiner Reise zu schreiben. Ich wollte meinen Ruhestand genie\u00dfen, Abstand haben und mal eine Weile testen wie lange ich es alleine aushalte. Nebenbei Finnland und das Baltikum erkunden. Das war meine Absicht und ich bin sehr zufrieden mit der Zeit in Finnland und dem Baltikum. Eigentlich war die Zeit in Deutschland anders geplant. Ich wollte ja der ehemaligen Zonengrenze folgen und gem\u00e4chlich&#8230;<\/p>\n<p class=\"read-more\"><a class=\"btn btn-default\" href=\"https:\/\/josattler.de\/Reise\/2024\/11\/21\/fazit-meiner-radreise-durch-finnland-und-das-baltikum\/\">Weiterlesen<span class=\"screen-reader-text\"> Weiterlesen<\/span><\/a><\/p>\n","protected":false},"author":1,"featured_media":971,"comment_status":"open","ping_status":"","sticky":false,"template":"","format":"standard","meta":{"_jetpack_memberships_contains_paid_content":false,"footnotes":""},"categories":[1],"tags":[30,39,15,32,12,40],"class_list":["post-970","post","type-post","status-publish","format-standard","has-post-thumbnail","hentry","category-uncategorized","tag-estland","tag-fazit","tag-finnland","tag-lettland","tag-radreise","tag-urlaub-2024"],"jetpack_featured_media_url":"https:\/\/josattler.de\/Reise\/wp-content\/uploads\/2024\/11\/Bildschirmfoto_21-11-2024_1923_www.komoot.com_.jpeg","jetpack_sharing_enabled":true,"_links":{"self":[{"href":"https:\/\/josattler.de\/Reise\/wp-json\/wp\/v2\/posts\/970","targetHints":{"allow":["GET"]}}],"collection":[{"href":"https:\/\/josattler.de\/Reise\/wp-json\/wp\/v2\/posts"}],"about":[{"href":"https:\/\/josattler.de\/Reise\/wp-json\/wp\/v2\/types\/post"}],"author":[{"embeddable":true,"href":"https:\/\/josattler.de\/Reise\/wp-json\/wp\/v2\/users\/1"}],"replies":[{"embeddable":true,"href":"https:\/\/josattler.de\/Reise\/wp-json\/wp\/v2\/comments?post=970"}],"version-history":[{"count":5,"href":"https:\/\/josattler.de\/Reise\/wp-json\/wp\/v2\/posts\/970\/revisions"}],"predecessor-version":[{"id":980,"href":"https:\/\/josattler.de\/Reise\/wp-json\/wp\/v2\/posts\/970\/revisions\/980"}],"wp:featuredmedia":[{"embeddable":true,"href":"https:\/\/josattler.de\/Reise\/wp-json\/wp\/v2\/media\/971"}],"wp:attachment":[{"href":"https:\/\/josattler.de\/Reise\/wp-json\/wp\/v2\/media?parent=970"}],"wp:term":[{"taxonomy":"category","embeddable":true,"href":"https:\/\/josattler.de\/Reise\/wp-json\/wp\/v2\/categories?post=970"},{"taxonomy":"post_tag","embeddable":true,"href":"https:\/\/josattler.de\/Reise\/wp-json\/wp\/v2\/tags?post=970"}],"curies":[{"name":"wp","href":"https:\/\/api.w.org\/{rel}","templated":true}]}}